{"id":34517,"date":"2026-08-07T08:00:00","date_gmt":"2026-08-07T08:00:00","guid":{"rendered":"https:\/\/jelproducts.nl\/?p=34517"},"modified":"2026-07-09T21:13:01","modified_gmt":"2026-07-09T20:13:01","slug":"warum-entsteht-blendung-an-be-und-entladestationen","status":"publish","type":"blog","link":"https:\/\/jelproducts.nl\/de\/blog\/waarom-ontstaat-verblinding-op-laad-en-loskades\/","title":{"rendered":"Warum entsteht Blendung an Be- und Entladezonen?"},"content":{"rendered":"<p class=\"wp-block-paragraph\">Blendung an Lade- und Entladerampen entsteht durch eine Kombination aus ung\u00fcnstigen Lichtwinkeln, reflektierenden Oberfl\u00e4chen und falsch positionierten Leuchten. Wenn Lichtquellen direkt in das Blickfeld von Mitarbeitern fallen oder auf gl\u00e4nzenden B\u00f6den, Fahrzeugen und Ladebr\u00fccken reflektieren, verliert das Auge vor\u00fcbergehend seine Anpassungsf\u00e4higkeit. Dieses Problem tritt insbesondere in Umgebungen auf, in denen Tag- und Nachtschichten einander abwechseln und in denen schwere Fahrzeuge und Menschen dicht beieinander arbeiten. Im Folgenden lesen Sie, welches die Ursachen sind, welche Folgen entstehen k\u00f6nnen und \u2013 was noch wichtiger ist \u2013 wie Sie dagegen vorgehen k\u00f6nnen.<\/p>\n\n\n\n<h2 class=\"wp-block-heading\">Welche Bedingungen an Be- und Entladezonen verursachen Blendung?<\/h2>\n\n\n\n<p class=\"wp-block-paragraph\">Laderampen sind von Natur aus schwierige Umgebungen, um sie gut zu beleuchten. Da sie sowohl im Freien als auch teilweise \u00fcberdacht sind, wechseln sich dunkle Zonen und hell beleuchtete Bereiche st\u00e4ndig ab \u2013 und genau das belastet die Augen zus\u00e4tzlich. Dabei geht es nicht nur um die Lichtmenge, sondern auch um die Art und Weise, wie dieses Licht den Raum trifft.<\/p>\n\n\n\n<p class=\"wp-block-paragraph\">Die h\u00e4ufigsten Bedingungen, die eine Blendung verursachen, sind:<\/p>\n\n\n\n<ul class=\"wp-block-list\">\n <li><strong>Aufgest\u00e4nderte Leuchten<\/strong> die unmittelbar in das Sichtfeld von Gabelstaplerfahrern oder Mitarbeitern am Arbeitsplatz fallen<\/li>\n <li><strong>Hohe Kontrastunterschiede<\/strong> zwischen beleuchteten Laderampen und dunklen Hintergr\u00fcnden wie offenem Gel\u00e4nde oder dem Inneren von Lastkraftwagen<\/li>\n <li><strong>Gl\u00e4nzende Bodenoberfl\u00e4chen<\/strong> aus Beton oder Epoxidharz, die das Licht nach oben reflektieren<\/li>\n <li><strong>Reflektierende Ladeschilder, Paletten und Fahrzeugaufbauten<\/strong> die bei seitlichem Licht als Spiegel wirken<\/li>\n <li><strong>Pl\u00f6tzliche \u00dcberg\u00e4nge<\/strong> von au\u00dfen nach innen, wobei sich das Auge nicht schnell genug anpasst<\/li>\n<\/ul>\n\n\n\n<p class=\"wp-block-paragraph\">Auf <a href=\"https:\/\/jelproducts.nl\/de\/sektoren\/hafen-terminals-beleuchtungen\/\">H\u00e4fen und Terminals<\/a> wirken diese Faktoren besonders stark, da Operationen h\u00e4ufig rund um die Uhr stattfinden und die Mitarbeitenden \u00fcber l\u00e4ngere Zeit hinweg wechselnden Lichtverh\u00e4ltnissen ausgesetzt sind.<\/p>\n\n\n\n<h2 class=\"wp-block-heading\">Inwiefern beeintr\u00e4chtigt Blendung die Sicherheit an einer Laderampe?<\/h2>\n\n\n\n<p class=\"wp-block-paragraph\">Selbst eine vor\u00fcbergehende Blendung mag harmlos klingen, aber an einer gesch\u00e4ftigen Laderampe kann sie schwerwiegende Folgen haben. Ein Gabelstaplerfahrer, der f\u00fcr einen Bruchteil einer Sekunde nichts sieht, \u00fcbersieht m\u00f6glicherweise einen Fu\u00dfg\u00e4nger oder ein Hindernis. Das ist kein theoretisches Risiko \u2013 es ist eine praktische Gefahr in einer Umgebung, in der schwere Fahrzeuge und Menschen st\u00e4ndig in unmittelbarer N\u00e4he zueinander agieren.<\/p>\n\n\n\n<p class=\"wp-block-paragraph\">Die Sicherheitsrisiken sind konkret und vielf\u00e4ltiger, als Sie vielleicht erwarten:<\/p>\n\n\n\n<ol class=\"wp-block-list\">\n <li><strong>Beeintr\u00e4chtigte Tiefenwahrnehmung<\/strong> beim Man\u00f6vrieren von Gabelstaplern und Schubmaststaplern in schmalen G\u00e4ngen<\/li>\n <li><strong>Verz\u00f6gerte Reaktionszeit<\/strong> da das Auge nach einer Blendung einige Sekunden ben\u00f6tigt, um sich wieder zu erholen<\/li>\n <li><strong>Unsichtbarkeit von Markierungen<\/strong> wie Fahrbahnmarkierungen, Fluchtwege und Hindernisschilder, wenn der Kontrast verloren geht<\/li>\n <li><strong>Erh\u00f6hte M\u00fcdigkeit<\/strong> bei Mitarbeitern, die stundenlang in einer grellen Arbeitsumgebung arbeiten, was die Konzentration beeintr\u00e4chtigt<\/li>\n <li><strong>Falsche Einsch\u00e4tzung von Entfernungen<\/strong> beim Koppeln von Aufliegern oder beim Platzieren von Paletten in der H\u00f6he<\/li>\n<\/ol>\n\n\n\n<p class=\"wp-block-paragraph\">Eine gute Beleuchtung an einer Laderampe ist daher nicht nur eine Frage des Komforts, sondern eine Frage der Arbeitsbedingungen, die in den Verantwortungsbereich von Betriebsleitern und HSE-Beauftragten f\u00e4llt.<\/p>\n\n\n\n<h2 class=\"wp-block-heading\">Was ist der Unterschied zwischen direkter und reflektierender Blendung?<\/h2>\n\n\n\n<p class=\"wp-block-paragraph\">Nicht jede Blendung hat dieselbe Ursache \u2013 und das ist auch f\u00fcr die L\u00f6sung von Bedeutung. Direkte Blendung entsteht, wenn eine Lichtquelle direkt in das Sichtfeld f\u00e4llt, w\u00e4hrend reflektierende Blendung auftritt, wenn Licht \u00fcber eine Oberfl\u00e4che zum Auge zur\u00fcckgeworfen wird. Beide Formen beeintr\u00e4chtigen die Sehf\u00e4higkeit, erfordern jedoch unterschiedliche Ans\u00e4tze bei der Beleuchtungsplanung einer Laderampe.<\/p>\n\n\n\n<h3 class=\"wp-block-heading\">Direkte Blendung<\/h3>\n\n\n\n<p class=\"wp-block-paragraph\">Bei direkter Blendung blickt ein Mitarbeiter direkt in eine Lichtquelle mit zu hoher Leuchtdichte. Dies geschieht, wenn Leuchten zu niedrig angebracht sind, wenn der Lichtstrahl nicht ausreichend abgeschirmt ist oder wenn jemand aus einer niedrigen Sitzposition \u2013 beispielsweise in einem Gabelstapler \u2013 nach oben zu einer Deckenleuchte blickt. Die Augen k\u00f6nnen die \u00fcberm\u00e4\u00dfige Lichtintensit\u00e4t nicht ausgleichen, wodurch eine vor\u00fcbergehende Blendung auftritt.<\/p>\n\n\n\n<h3 class=\"wp-block-heading\">Reflektierende Blendung<\/h3>\n\n\n\n<p class=\"wp-block-paragraph\">Reflektierende Blendung, auch als indirekte oder sekund\u00e4re Blendung bezeichnet, entsteht, wenn Licht von gl\u00e4nzenden Oberfl\u00e4chen wie nassen B\u00f6den, lackierten Fahrzeugen, Metallladerampen oder Folienverpackungen reflektiert wird. Diese Art der Blendung ist heimt\u00fcckischer, da die Quelle nicht immer sichtbar ist und die Mitarbeiter weniger darauf achten. An Laderampen mit hohem Durchsatz und vielen reflektierenden Materialien stellt dies ein strukturelles Problem dar, das gezielte Ma\u00dfnahmen zur Blendungsvermeidung bereits in der Planung erfordert.<\/p>\n\n\n\n<h2 class=\"wp-block-heading\">Welche Beleuchtungsfehler verst\u00e4rken die Blendung an Laderampen?<\/h2>\n\n\n\n<p class=\"wp-block-paragraph\">Viele Beleuchtungsprobleme an Laderampen sind nicht die Folge von zu wenig Licht, sondern von falsch platziertem oder falsch ausgew\u00e4hltem Licht. Die am h\u00e4ufigsten gemachten Fehler verst\u00e4rken gerade jene Situationen, die eine Blendung beg\u00fcnstigen.<\/p>\n\n\n\n<p class=\"wp-block-paragraph\">H\u00e4ufige Fehler bei der Beleuchtung von Laderampen sind:<\/p>\n\n\n\n<ul class=\"wp-block-list\">\n <li><strong>Leuchten ohne Abdeckung oder Optik<\/strong> die Licht in alle Richtungen ausstrahlen, auch direkt in das Sichtfeld<\/li>\n <li><strong>Zu hohe Farbtemperatur<\/strong> in Verbindung mit einer hohen Lichtintensit\u00e4t, wodurch eine harte, kalte Lichtstimmung entsteht, die die Blendung verst\u00e4rkt<\/li>\n <li><strong>Unregelm\u00e4\u00dfige Beleuchtungsverteilung<\/strong> wobei einige Bereiche \u00fcberbelichtet sind und andere dunkel bleiben, was das Auge dazu zwingt, sich st\u00e4ndig anzupassen<\/li>\n <li><strong>Falsche Einbauh\u00f6he<\/strong> von Arbeitsscheinwerfern oder Flutlichtstrahlern, wodurch der Lichtstrahl auf Augenh\u00f6he der Fahrzeugf\u00fchrer f\u00e4llt<\/li>\n <li><strong>Nichtbeachtung der Fahrtrichtungen<\/strong>, sodass die Fahrer beim Heranfahren an die Laderampe direkt in die Lichtquelle fahren<\/li>\n<\/ul>\n\n\n\n<p class=\"wp-block-paragraph\">Bei der Auswahl von <a href=\"https:\/\/jelproducts.nl\/de\/led-arbeitsleuchten\/\">LED-Arbeitsleuchten<\/a> F\u00fcr Be- und Entladekais ist es daher von entscheidender Bedeutung, nicht nur auf die Lumenwerte zu achten, sondern auch auf die Lichtverteilungskurve und den UGR-Wert (Unified Glare Rating), der angibt, in welchem Ma\u00dfe eine Leuchte Blendung verursacht.<\/p>\n\n\n\n<h2 class=\"wp-block-heading\">Wie l\u00e4sst sich die Blendung an Be- und Entladekais verringern?<\/h2>\n\n\n\n<p class=\"wp-block-paragraph\">Der Ansatz beginnt bei der Leuchtenauswahl: gerichtete Optik, eine auf Fahrrichtungen und Arbeitsh\u00f6hen abgestimmte Montageposition und eine gleichm\u00e4\u00dfige Lichtverteilung ohne harte Kontraste. Blendfreie Industriebeleuchtung kombiniert technische Ma\u00dfnahmen in der Leuchte selbst mit einer durchdachten Lichtplanung f\u00fcr den gesamten Standort.<\/p>\n\n\n\n<p class=\"wp-block-paragraph\">Praktische Ma\u00dfnahmen zur Verringerung der Blendung:<\/p>\n\n\n\n<ul class=\"wp-block-list\">\n <li>W\u00e4hlen Sie Leuchten mit einem niedrigen UGR-Wert, vorzugsweise UGR unter 19 f\u00fcr Arbeitspl\u00e4tze, an denen visuelle Pr\u00e4zision erforderlich ist.<\/li>\n <li>Verwenden Sie Voll-Cutoff-Optiken, die Licht ausschlie\u00dflich nach unten richten und die seitliche Lichtemission minimieren.<\/li>\n <li>Montieren Sie die Leuchten oberhalb der Fahrlinie und nicht im direkten Sichtfeld der Staplerfahrer.<\/li>\n <li>Sorgen Sie f\u00fcr eine gleichm\u00e4\u00dfige Beleuchtungsst\u00e4rke \u00fcber den gesamten Kai, um starke Kontraste zu vermeiden.<\/li>\n <li>Erw\u00e4gen Sie entspiegelnde Bodenbeschichtungen oder matte Oberfl\u00e4chen auf Arbeitsplatten und Ladeplattformen.<\/li>\n <li>Passen Sie die Lichtfarbe an die Betriebsumgebung an: Ein neutralwei\u00dfes Licht von 4000K bietet in der Regel ein gutes Gleichgewicht zwischen Helligkeit und visuellen Komfort.<\/li>\n<\/ul>\n\n\n\n<p class=\"wp-block-paragraph\">Ein professionelles Lichtdesign ber\u00fccksichtigt dar\u00fcber hinaus das spezifische Layout der Laderampe, die Raumh\u00f6he, die Anwesenheit von Fahrzeugen und die Arbeitszeiten. F\u00fcr komplexe Situationen \u2013 wie \u00fcberdachte Rampen mit angrenzenden Au\u00dfenbereichen \u2013 ist eine ma\u00dfgeschneiderte Lichtberatung der zuverl\u00e4ssigste Ansatz, um Sicherheit und Komfort strukturell zu gew\u00e4hrleisten.<\/p>\n\n\n\n<h2 class=\"wp-block-heading\">Praxisbeispiel: DFDS-Terminalbeleuchtung<\/h2>\n\n\n\n<p class=\"wp-block-paragraph\">Ein treffendes Beispiel daf\u00fcr, wie Blendungsproblematik in der Praxis angegangen wird, ist das Projekt bei <a href=\"https:\/\/jelproducts.nl\/de\/projekte\/dfds-seaways-vlaardingen-terminalbeleuchtung\/\">DFDS<\/a>, ein gro\u00dfer Terminalbetreiber, der in der europ\u00e4ischen Ro-Ro-Schifffahrt t\u00e4tig ist. Die Herausforderung an diesem Standort war charakteristisch f\u00fcr gesch\u00e4ftige Be- und Entladeumgebungen: 24-Stunden-Betrieb, konstante Bewegung von Lkw und Aufliegern sowie eine Mischung aus \u00fcberdachten und offenen Bereichen, die stark unterschiedliche Lichtverh\u00e4ltnisse erzeugten.<\/p>\n\n\n\n<p class=\"wp-block-paragraph\">Die betriebliche Einschr\u00e4nkung war eindeutig: Die Beleuchtung durfte das Man\u00f6vrieren von Fahrzeugen nicht behindern und die Fahrer beim Einfahren in das Terminal nicht blenden. Gleichzeitig mussten die Beleuchtungsst\u00e4rken den Anforderungen an ein sicheres Arbeiten in einer Umgebung mit Fu\u00dfg\u00e4ngern und schweren Fahrzeugen in geringem Abstand zueinander entsprechen.<\/p>\n\n\n\n<p class=\"wp-block-paragraph\">Die Entwurfsentscheidung konzentrierte sich auf Leuchten mit Vollabschrichtungsoptik, montiert an Positionen, die die Fahrtrichtungen des entgegenkommenden Verkehrs ber\u00fccksichtigten. So wurde eine direkte Blendung f\u00fcr Kraftfahrer strukturell verhindert. Dar\u00fcber hinaus wurde die Beleuchtungsst\u00e4rkeverteilung \u00fcber der Kaianlage sorgf\u00e4ltig berechnet, um harte Kontraste zwischen hellen und dunklen Zonen zu minimieren \u2013 genau die Art von \u00dcbergangsblendung, die an Laderampen so h\u00e4ufig vorkommt.<\/p>\n\n\n\n<p class=\"wp-block-paragraph\">Die aus diesem Projekt gezogene Lektion schlie\u00dft direkt an das Thema dieses Artikels an: Blendung l\u00f6st man nicht durch das einfache Platzieren von mehr Licht. Es geht um die richtige Lichtrichtung, die passende Optik und ein Design, das die Realit\u00e4t des Standorts widerspiegelt. Weitere vergleichbare Projekte finden Sie auf der <a href=\"https:\/\/jelproducts.nl\/de\/projekte\/dfds-seaways-vlaardingen-terminalbeleuchtung\/\">Projektseite von DFDS<\/a>.<\/p>\n\n\n\n<h2 class=\"wp-block-heading\">Wie JEL Products bei der Blendung an Be- und Entladekais hilft<\/h2>\n\n\n\n<p class=\"wp-block-paragraph\">JEL Products entwickelt industrielle LED-Beleuchtungsl\u00f6sungen, die speziell f\u00fcr anspruchsvolle Arbeitsumgebungen wie Lade- und Entladekai konzipiert sind. Der Ansatz verbindet technische Produktentscheidungen mit einem umfassenden Beleuchtungskonzept, sodass das Problem der Blendung strukturell und nicht nur symptomatisch angegangen wird.<\/p>\n\n\n\n<p class=\"wp-block-paragraph\">Was JEL Products konkret f\u00fcr Be- und Entladekais bietet:<\/p>\n\n\n\n<ul class=\"wp-block-list\">\n <li><strong>Leuchten mit Full-Cutoff-Technologie<\/strong> das Licht auf den Arbeitsbereich richten, ohne seitliche oder nach oben gerichtete Lichtabstrahlung<\/li>\n <li><strong>Entblendete Optiken<\/strong> entwickelt f\u00fcr Umgebungen, in denen Fahrzeuge und Menschen eng beieinander operieren<\/li>\n <li><strong>Ma\u00dfgeschneidertes Beleuchtungsdesign<\/strong>, einschlie\u00dflich der Berechnung von UGR-Werten, Beleuchtungsst\u00e4rken und Kontrastverh\u00e4ltnissen f\u00fcr den spezifischen Standort<\/li>\n <li><strong>F\u00fcr schwere industrielle Bedingungen geeignete Produkte<\/strong>, einschlie\u00dflich hoher Schutzarten gegen Staub, Feuchtigkeit und mechanische Belastung<\/li>\n <li><strong>Vollst\u00e4ndiger Projektablauf<\/strong> von der Planung und Lichtberatung bis hin zur Installation und Inbetriebsetzung<\/li>\n<\/ul>\n\n\n\n<p class=\"wp-block-paragraph\">M\u00f6chten Sie wissen, welche Beleuchtungsl\u00f6sung zu Ihrer Be- oder Entladesituation passt? <a href=\"https:\/\/jelproducts.nl\/de\/kontakt\/\">Kontakt aufnehmen<\/a> Vereinbaren Sie mit JEL Products einen unverbindlichen Beratungstermin.<\/p>","protected":false},"excerpt":{"rendered":"<p>Blendeffekte an Laderampen stellen ein ernsthaftes Sicherheitsrisiko dar. Entdecken Sie Ursachen, Folgen und intelligente Beleuchtungsl\u00f6sungen.<\/p>","protected":false},"author":1,"featured_media":36550,"template":"","categories":[1],"tags":[],"class_list":["post-34517","blog","type-blog","status-publish","has-post-thumbnail","hentry","category-uncategorized"],"yoast_head":"<!-- This site is optimized with the Yoast SEO Premium plugin v28.4 (Yoast SEO v28.4) - https:\/\/yoast.com\/product\/yoast-seo-premium-wordpress\/ -->\n<title>Waarom ontstaat verblinding op laad- en loskades? | JEL Products<\/title>\n<meta name=\"description\" content=\"Verblinding op laadkades verhoogt veiligheidsrisico&#039;s. Ontdek de oorzaken, gevaren en praktische verlichtingsoplossingen om uw werkplek veiliger te maken.\" \/>\n<meta name=\"robots\" content=\"index, follow, max-snippet:-1, max-image-preview:large, max-video-preview:-1\" \/>\n<link rel=\"canonical\" href=\"https:\/\/jelproducts.nl\/de\/blog\/warum-entsteht-blendung-an-be-und-entladestationen\/\" \/>\n<meta property=\"og:locale\" content=\"de_DE\" \/>\n<meta property=\"og:type\" content=\"article\" \/>\n<meta property=\"og:title\" content=\"Waarom ontstaat verblinding op laad- en loskades?\" \/>\n<meta property=\"og:description\" content=\"Verblinding op laadkades verhoogt veiligheidsrisico&#039;s. Ontdek de oorzaken, gevaren en praktische verlichtingsoplossingen om uw werkplek veiliger te maken.\" \/>\n<meta property=\"og:url\" content=\"https:\/\/jelproducts.nl\/de\/blog\/warum-entsteht-blendung-an-be-und-entladestationen\/\" \/>\n<meta property=\"og:site_name\" content=\"JEL Products\" \/>\n<meta property=\"og:image\" content=\"https:\/\/jelproducts.nl\/wp-content\/uploads\/2026\/07\/SEO-_-Algemeen-JEL-Products.webp\" \/>\n\t<meta property=\"og:image:width\" content=\"1000\" \/>\n\t<meta property=\"og:image:height\" content=\"1000\" \/>\n\t<meta property=\"og:image:type\" content=\"image\/webp\" \/>\n<meta name=\"twitter:card\" content=\"summary_large_image\" \/>\n<meta name=\"twitter:label1\" content=\"Gesch\u00e4tzte Lesezeit\" \/>\n\t<meta name=\"twitter:data1\" content=\"7\u00a0Minuten\" \/>\n<script type=\"application\/ld+json\" class=\"yoast-schema-graph\">{\"@context\":\"https:\\\/\\\/schema.org\",\"@graph\":[{\"@type\":\"Article\",\"@id\":\"https:\\\/\\\/jelproducts.nl\\\/blog\\\/waarom-ontstaat-verblinding-op-laad-en-loskades\\\/#article\",\"isPartOf\":{\"@id\":\"https:\\\/\\\/jelproducts.nl\\\/blog\\\/waarom-ontstaat-verblinding-op-laad-en-loskades\\\/\"},\"author\":{\"name\":\"Lucas de Graaf, BSc\",\"@id\":\"https:\\\/\\\/jelproducts.nl\\\/en\\\/#\\\/schema\\\/person\\\/2c07b1a0a513f8b8a5dc9e1540754f39\"},\"headline\":\"Waarom ontstaat verblinding op laad- en loskades?\",\"datePublished\":\"2026-08-07T08:00:00+00:00\",\"mainEntityOfPage\":{\"@id\":\"https:\\\/\\\/jelproducts.nl\\\/blog\\\/waarom-ontstaat-verblinding-op-laad-en-loskades\\\/\"},\"wordCount\":1360,\"publisher\":{\"@id\":\"https:\\\/\\\/jelproducts.nl\\\/en\\\/#organization\"},\"image\":{\"@id\":\"https:\\\/\\\/jelproducts.nl\\\/blog\\\/waarom-ontstaat-verblinding-op-laad-en-loskades\\\/#primaryimage\"},\"thumbnailUrl\":\"https:\\\/\\\/jelproducts.nl\\\/wp-content\\\/uploads\\\/2026\\\/07\\\/SEO-_-Algemeen-JEL-Products.webp\",\"articleSection\":[\"Uncategorized\"],\"inLanguage\":\"de\",\"dateModified\":\"2026-08-07T08:00:00+00:00\"},{\"@type\":\"WebPage\",\"@id\":\"https:\\\/\\\/jelproducts.nl\\\/blog\\\/waarom-ontstaat-verblinding-op-laad-en-loskades\\\/\",\"url\":\"https:\\\/\\\/jelproducts.nl\\\/de\\\/blog\\\/warum-entsteht-blendung-an-be-und-entladestationen\\\/\",\"name\":\"Waarom ontstaat verblinding op laad- en loskades? | JEL Products\",\"isPartOf\":{\"@id\":\"https:\\\/\\\/jelproducts.nl\\\/en\\\/#website\"},\"primaryImageOfPage\":{\"@id\":\"https:\\\/\\\/jelproducts.nl\\\/blog\\\/waarom-ontstaat-verblinding-op-laad-en-loskades\\\/#primaryimage\"},\"image\":{\"@id\":\"https:\\\/\\\/jelproducts.nl\\\/blog\\\/waarom-ontstaat-verblinding-op-laad-en-loskades\\\/#primaryimage\"},\"thumbnailUrl\":\"https:\\\/\\\/jelproducts.nl\\\/wp-content\\\/uploads\\\/2026\\\/07\\\/SEO-_-Algemeen-JEL-Products.webp\",\"datePublished\":\"2026-08-07T08:00:00+00:00\",\"description\":\"Verblinding op laadkades verhoogt veiligheidsrisico's. Ontdek de oorzaken, gevaren en praktische verlichtingsoplossingen om uw werkplek veiliger te maken.\",\"breadcrumb\":{\"@id\":\"https:\\\/\\\/jelproducts.nl\\\/blog\\\/waarom-ontstaat-verblinding-op-laad-en-loskades\\\/#breadcrumb\"},\"inLanguage\":\"de\",\"potentialAction\":[{\"@type\":\"ReadAction\",\"target\":[\"https:\\\/\\\/jelproducts.nl\\\/blog\\\/waarom-ontstaat-verblinding-op-laad-en-loskades\\\/\"]}]},{\"@type\":\"ImageObject\",\"inLanguage\":\"de\",\"@id\":\"https:\\\/\\\/jelproducts.nl\\\/blog\\\/waarom-ontstaat-verblinding-op-laad-en-loskades\\\/#primaryimage\",\"url\":\"https:\\\/\\\/jelproducts.nl\\\/wp-content\\\/uploads\\\/2026\\\/07\\\/SEO-_-Algemeen-JEL-Products.webp\",\"contentUrl\":\"https:\\\/\\\/jelproducts.nl\\\/wp-content\\\/uploads\\\/2026\\\/07\\\/SEO-_-Algemeen-JEL-Products.webp\",\"width\":1000,\"height\":1000,\"caption\":\"Logo van JEL Products\"},{\"@type\":\"BreadcrumbList\",\"@id\":\"https:\\\/\\\/jelproducts.nl\\\/blog\\\/waarom-ontstaat-verblinding-op-laad-en-loskades\\\/#breadcrumb\",\"itemListElement\":[{\"@type\":\"ListItem\",\"position\":1,\"name\":\"Home\",\"item\":\"https:\\\/\\\/jelproducts.nl\\\/nl\\\/\"},{\"@type\":\"ListItem\",\"position\":2,\"name\":\"blogs\",\"item\":\"https:\\\/\\\/jelproducts.nl\\\/nl\\\/blog\\\/\"},{\"@type\":\"ListItem\",\"position\":3,\"name\":\"Waarom ontstaat verblinding op laad- en loskades?\"}]},{\"@type\":\"WebSite\",\"@id\":\"https:\\\/\\\/jelproducts.nl\\\/en\\\/#website\",\"url\":\"https:\\\/\\\/jelproducts.nl\\\/de\\\/\",\"name\":\"JEL Products\",\"description\":\"Verlichting voor extreme omstandigheden\",\"publisher\":{\"@id\":\"https:\\\/\\\/jelproducts.nl\\\/en\\\/#organization\"},\"potentialAction\":[{\"@type\":\"SearchAction\",\"target\":{\"@type\":\"EntryPoint\",\"urlTemplate\":\"https:\\\/\\\/jelproducts.nl\\\/en\\\/?s={search_term_string}\"},\"query-input\":{\"@type\":\"PropertyValueSpecification\",\"valueRequired\":true,\"valueName\":\"search_term_string\"}}],\"inLanguage\":\"de\"},{\"@type\":\"Organization\",\"@id\":\"https:\\\/\\\/jelproducts.nl\\\/en\\\/#organization\",\"name\":\"JEL Products\",\"alternateName\":[\"JEL\",\"JELproducts\",\"JEL Products B.V.\"],\"url\":\"https:\\\/\\\/jelproducts.nl\\\/de\\\/\",\"logo\":{\"@type\":\"ImageObject\",\"inLanguage\":\"de\",\"@id\":\"https:\\\/\\\/jelproducts.nl\\\/en\\\/#\\\/schema\\\/logo\\\/image\\\/\",\"url\":\"https:\\\/\\\/jelproducts.nl\\\/wp-content\\\/uploads\\\/2026\\\/07\\\/logo.webp\",\"contentUrl\":\"https:\\\/\\\/jelproducts.nl\\\/wp-content\\\/uploads\\\/2026\\\/07\\\/logo.webp\",\"width\":1000,\"height\":1000,\"caption\":\"JEL Products\"},\"image\":{\"@id\":\"https:\\\/\\\/jelproducts.nl\\\/en\\\/#\\\/schema\\\/logo\\\/image\\\/\"},\"sameAs\":[\"https:\\\/\\\/www.linkedin.com\\\/company\\\/jelproducts\\\/\",\"https:\\\/\\\/www.youtube.com\\\/channel\\\/UCCBEGfbI72RFq71R7fOn40w\"],\"description\":\"JEL Products is een Nederlandse specialist in industri\u00eble LED-verlichting voor zware en corrosieve omstandigheden. Wij leveren verlichtingssystemen voor havens en terminals, offshore en maritieme operaties, kranen, zware industrie, bouw en infrastructuur, en combineren lichtadvies, engineering, levering en installatieondersteuning in \u00e9\u00e9n traject. Onder de merken DCbright en DarkLicht ontwikkelen wij armaturen die bestand zijn tegen zoutbelasting, trillingen, hoge temperaturen en impact, met aandacht voor het beperken van lichthinder.\",\"email\":\"info@jelproducts.nl\",\"telephone\":\"+31337859809\",\"legalName\":\"JEL Products B.V.\",\"foundingDate\":\"2019-11\",\"vatID\":\"NL868734743B01\",\"taxID\":\"98987615\",\"duns\":\"47-366-4614\",\"numberOfEmployees\":{\"@type\":\"QuantitativeValue\",\"minValue\":\"1\",\"maxValue\":\"10\"},\"publishingPrinciples\":\"https:\\\/\\\/jelproducts.nl\\\/nl\\\/onze-keurmerken\\\/\",\"actionableFeedbackPolicy\":\"https:\\\/\\\/jelproducts.nl\\\/nl\\\/privacy\\\/\",\"correctionsPolicy\":\"https:\\\/\\\/jelproducts.nl\\\/nl\\\/disclaimer\\\/\",\"ethicsPolicy\":\"https:\\\/\\\/jelproducts.nl\\\/nl\\\/disclaimer\\\/\",\"diversityPolicy\":\"https:\\\/\\\/jelproducts.nl\\\/nl\\\/onze-keurmerken\\\/\",\"diversityStaffingReport\":\"https:\\\/\\\/jelproducts.nl\\\/nl\\\/disclaimer\\\/\",\"address\":{\"@type\":\"PostalAddress\",\"streetAddress\":\"Amp\u00e8restraat 19E\",\"postalCode\":\"3861 NC\",\"addressLocality\":\"Nijkerk\",\"addressRegion\":\"Gelderland\",\"addressCountry\":\"NL\"},\"contactPoint\":[{\"@type\":\"ContactPoint\",\"contactType\":\"sales\",\"telephone\":\"+31337859809\",\"email\":\"info@jelproducts.nl\",\"availableLanguage\":[\"nl\",\"en\",\"de\",\"fr\",\"es\"],\"areaServed\":\"Worldwide\"}],\"founder\":[{\"@id\":\"https:\\\/\\\/jelproducts.nl\\\/#\\\/schema\\\/persoon\\\/jaap-de-graaf\"},{\"@id\":\"https:\\\/\\\/jelproducts.nl\\\/#\\\/schema\\\/persoon\\\/lucas-de-graaf\"}],\"memberOf\":[{\"@type\":\"Organization\",\"name\":\"NSVV, Nederlandse Stichting Voor Verlichtingskunde\",\"url\":\"https:\\\/\\\/nsvv.nl\\\/\"},{\"@type\":\"Organization\",\"name\":\"OVLNL\",\"url\":\"https:\\\/\\\/www.ovlnl.nl\\\/\"},{\"@type\":\"Organization\",\"name\":\"Netherlands Maritime Technology\",\"url\":\"https:\\\/\\\/www.maritimetechnology.nl\\\/\"}]},{\"@type\":\"Person\",\"@id\":\"https:\\\/\\\/jelproducts.nl\\\/en\\\/#\\\/schema\\\/person\\\/2c07b1a0a513f8b8a5dc9e1540754f39\",\"name\":\"Lucas de Graaf, BSc\",\"pronouns\":\"hij\\\/hem\",\"description\":\"Lucas de Graaf is oprichter en technisch directeur van JEL Products, een Nederlands bedrijf dat duurzame en doordachte verlichtingsoplossingen levert voor de meest veeleisende industri\u00eble omgevingen, waaronder mijnbouw, verticaal transport, offshore, havens, infrastructuur en bouw. Sinds de oprichting in 2019 richt hij zich op het combineren van hoogwaardige producten (de merken DCBright en DarkLicht) met diepgaand technisch advies, om tot oplossingen te komen die de verwachtingen van klanten overtreffen. Naast zijn werk bij JEL Products is Lucas vicevoorzitter van het Kernteam Outdoor van de NSVV, de Nederlandse Stichting voor Verlichtingskunde. In die rol vertaalt hij praktijkervaring naar technisch onderbouwde en maatschappelijk relevante richtlijnen, met focus op het verminderen van lichthinder, het verbeteren van veiligheid en het ontwikkelen van toekomstbestendige verlichting. Hij studeerde Entrepreneurship &amp; Retail Management aan Hogeschool Windesheim en behaalde een Lean Six Sigma Green Belt.\",\"sameAs\":[\"https:\\\/\\\/www.jelproducts.nl\",\"https:\\\/\\\/www.linkedin.com\\\/in\\\/lucas-de-graaf\\\/\",\"https:\\\/\\\/www.youtube.com\\\/@jelproducts\"],\"honorificSuffix\":\"BSc\",\"gender\":\"Male\",\"knowsAbout\":[\"Industri\u00eble buitenverlichting\",\"Terminal- en havenverlichting\",\"Kraanverlichting en verticaal transport\",\"Verlichting bij hoge temperaturen\",\"Lichthinder en duisternis\",\"Lichtberekeningen en DIALux\",\"NEN-EN 12464-2\",\"EN 13201-2\",\"Offshore- en maritieme verlichting\",\"Lichtmasten en terreinverlichting\",\"LED-armaturen en driverlevensduur\"],\"knowsLanguage\":[\"Nederlands\",\"Engels\",\"Duits\"],\"jobTitle\":\"Technisch Directeur\",\"worksFor\":\"JEL Products B.V.\",\"url\":\"https:\\\/\\\/jelproducts.nl\\\/de\\\/overons\\\/lucas-de-graaf\\\/\",\"image\":{\"@type\":\"ImageObject\",\"@id\":\"https:\\\/\\\/jelproducts.nl\\\/en\\\/#\\\/schema\\\/person\\\/2c07b1a0a513f8b8a5dc9e1540754f39\\\/foto\",\"url\":\"https:\\\/\\\/jelproducts.nl\\\/wp-content\\\/uploads\\\/2026\\\/03\\\/Lucas-de-Graaf-nieuw_v1-jpg.webp\",\"contentUrl\":\"https:\\\/\\\/jelproducts.nl\\\/wp-content\\\/uploads\\\/2026\\\/03\\\/Lucas-de-Graaf-nieuw_v1-jpg.webp\",\"width\":666,\"height\":667,\"caption\":\"Lucas de Graaf, BSc\"}}]}<\/script>\n<!-- \/ Yoast SEO Premium plugin. -->","yoast_head_json":{"title":"Warum kommt es an Be- und Entladekais zu Blendungen? | JEL Products","description":"Blendung an Laderampen erh\u00f6ht die Sicherheitsrisiken. Entdecken Sie die Ursachen, Gefahren und praktischen Beleuchtungsl\u00f6sungen, um Ihren Arbeitsplatz sicherer zu machen.","robots":{"index":"index","follow":"follow","max-snippet":"max-snippet:-1","max-image-preview":"max-image-preview:large","max-video-preview":"max-video-preview:-1"},"canonical":"https:\/\/jelproducts.nl\/de\/blog\/warum-entsteht-blendung-an-be-und-entladestationen\/","og_locale":"de_DE","og_type":"article","og_title":"Waarom ontstaat verblinding op laad- en loskades?","og_description":"Verblinding op laadkades verhoogt veiligheidsrisico's. Ontdek de oorzaken, gevaren en praktische verlichtingsoplossingen om uw werkplek veiliger te maken.","og_url":"https:\/\/jelproducts.nl\/de\/blog\/warum-entsteht-blendung-an-be-und-entladestationen\/","og_site_name":"JEL Products","og_image":[{"width":1000,"height":1000,"url":"https:\/\/jelproducts.nl\/wp-content\/uploads\/2026\/07\/SEO-_-Algemeen-JEL-Products.webp","type":"image\/webp"}],"twitter_card":"summary_large_image","twitter_misc":{"Gesch\u00e4tzte Lesezeit":"7\u00a0Minuten"},"schema":{"@context":"https:\/\/schema.org","@graph":[{"@type":"Article","@id":"https:\/\/jelproducts.nl\/blog\/waarom-ontstaat-verblinding-op-laad-en-loskades\/#article","isPartOf":{"@id":"https:\/\/jelproducts.nl\/blog\/waarom-ontstaat-verblinding-op-laad-en-loskades\/"},"author":{"name":"Lucas de Graaf, BSc","@id":"https:\/\/jelproducts.nl\/en\/#\/schema\/person\/2c07b1a0a513f8b8a5dc9e1540754f39"},"headline":"Waarom ontstaat verblinding op laad- en loskades?","datePublished":"2026-08-07T08:00:00+00:00","mainEntityOfPage":{"@id":"https:\/\/jelproducts.nl\/blog\/waarom-ontstaat-verblinding-op-laad-en-loskades\/"},"wordCount":1360,"publisher":{"@id":"https:\/\/jelproducts.nl\/en\/#organization"},"image":{"@id":"https:\/\/jelproducts.nl\/blog\/waarom-ontstaat-verblinding-op-laad-en-loskades\/#primaryimage"},"thumbnailUrl":"https:\/\/jelproducts.nl\/wp-content\/uploads\/2026\/07\/SEO-_-Algemeen-JEL-Products.webp","articleSection":["Uncategorized"],"inLanguage":"de","dateModified":"2026-08-07T08:00:00+00:00"},{"@type":"WebPage","@id":"https:\/\/jelproducts.nl\/blog\/waarom-ontstaat-verblinding-op-laad-en-loskades\/","url":"https:\/\/jelproducts.nl\/de\/blog\/warum-entsteht-blendung-an-be-und-entladestationen\/","name":"Warum kommt es an Be- und Entladekais zu Blendungen? | JEL Products","isPartOf":{"@id":"https:\/\/jelproducts.nl\/en\/#website"},"primaryImageOfPage":{"@id":"https:\/\/jelproducts.nl\/blog\/waarom-ontstaat-verblinding-op-laad-en-loskades\/#primaryimage"},"image":{"@id":"https:\/\/jelproducts.nl\/blog\/waarom-ontstaat-verblinding-op-laad-en-loskades\/#primaryimage"},"thumbnailUrl":"https:\/\/jelproducts.nl\/wp-content\/uploads\/2026\/07\/SEO-_-Algemeen-JEL-Products.webp","datePublished":"2026-08-07T08:00:00+00:00","description":"Blendung an Laderampen erh\u00f6ht die Sicherheitsrisiken. Entdecken Sie die Ursachen, Gefahren und praktischen Beleuchtungsl\u00f6sungen, um Ihren Arbeitsplatz sicherer zu machen.","breadcrumb":{"@id":"https:\/\/jelproducts.nl\/blog\/waarom-ontstaat-verblinding-op-laad-en-loskades\/#breadcrumb"},"inLanguage":"de","potentialAction":[{"@type":"ReadAction","target":["https:\/\/jelproducts.nl\/blog\/waarom-ontstaat-verblinding-op-laad-en-loskades\/"]}]},{"@type":"ImageObject","inLanguage":"de","@id":"https:\/\/jelproducts.nl\/blog\/waarom-ontstaat-verblinding-op-laad-en-loskades\/#primaryimage","url":"https:\/\/jelproducts.nl\/wp-content\/uploads\/2026\/07\/SEO-_-Algemeen-JEL-Products.webp","contentUrl":"https:\/\/jelproducts.nl\/wp-content\/uploads\/2026\/07\/SEO-_-Algemeen-JEL-Products.webp","width":1000,"height":1000,"caption":"Logo van JEL Products"},{"@type":"BreadcrumbList","@id":"https:\/\/jelproducts.nl\/blog\/waarom-ontstaat-verblinding-op-laad-en-loskades\/#breadcrumb","itemListElement":[{"@type":"ListItem","position":1,"name":"Home","item":"https:\/\/jelproducts.nl\/nl\/"},{"@type":"ListItem","position":2,"name":"blogs","item":"https:\/\/jelproducts.nl\/nl\/blog\/"},{"@type":"ListItem","position":3,"name":"Waarom ontstaat verblinding op laad- en loskades?"}]},{"@type":"WebSite","@id":"https:\/\/jelproducts.nl\/en\/#website","url":"https:\/\/jelproducts.nl\/de\/","name":"JEL Products","description":"Beleuchtung f\u00fcr extreme Bedingungen","publisher":{"@id":"https:\/\/jelproducts.nl\/en\/#organization"},"potentialAction":[{"@type":"SearchAction","target":{"@type":"EntryPoint","urlTemplate":"https:\/\/jelproducts.nl\/en\/?s={search_term_string}"},"query-input":{"@type":"PropertyValueSpecification","valueRequired":true,"valueName":"search_term_string"}}],"inLanguage":"de"},{"@type":"Organization","@id":"https:\/\/jelproducts.nl\/en\/#organization","name":"JEL Products","alternateName":["JEL","JELproducts","JEL Products B.V."],"url":"https:\/\/jelproducts.nl\/de\/","logo":{"@type":"ImageObject","inLanguage":"de","@id":"https:\/\/jelproducts.nl\/en\/#\/schema\/logo\/image\/","url":"https:\/\/jelproducts.nl\/wp-content\/uploads\/2026\/07\/logo.webp","contentUrl":"https:\/\/jelproducts.nl\/wp-content\/uploads\/2026\/07\/logo.webp","width":1000,"height":1000,"caption":"JEL Products"},"image":{"@id":"https:\/\/jelproducts.nl\/en\/#\/schema\/logo\/image\/"},"sameAs":["https:\/\/www.linkedin.com\/company\/jelproducts\/","https:\/\/www.youtube.com\/channel\/UCCBEGfbI72RFq71R7fOn40w"],"description":"JEL Products ist ein niederl\u00e4ndischer Spezialist f\u00fcr industrielle LED-Beleuchtung unter rauen und korrosiven Bedingungen. Wir liefern Beleuchtungssysteme f\u00fcr H\u00e4fen und Terminals, Offshore- und maritime Betriebe, Kr\u00e4ne, die Schwerindustrie, das Bauwesen und die Infrastruktur und vereinen Lichtberatung, Engineering, Lieferung und Installationsunterst\u00fctzung in einem einzigen Prozess. Unter den Marken DCbright und DarkLicht entwickeln wir Leuchten, die gegen Salzbelastung, Vibrationen, hohe Temperaturen und St\u00f6\u00dfe best\u00e4ndig sind, wobei wir besonderen Wert auf die Vermeidung von Lichtbel\u00e4stigung legen.","email":"info@jelproducts.nl","telephone":"+31337859809","legalName":"JEL Products B.V.","foundingDate":"2019-11","vatID":"NL868734743B01","taxID":"98987615","duns":"47-366-4614","numberOfEmployees":{"@type":"QuantitativeValue","minValue":"1","maxValue":"10"},"publishingPrinciples":"https:\/\/jelproducts.nl\/nl\/onze-keurmerken\/","actionableFeedbackPolicy":"https:\/\/jelproducts.nl\/nl\/privacy\/","correctionsPolicy":"https:\/\/jelproducts.nl\/nl\/disclaimer\/","ethicsPolicy":"https:\/\/jelproducts.nl\/nl\/disclaimer\/","diversityPolicy":"https:\/\/jelproducts.nl\/nl\/onze-keurmerken\/","diversityStaffingReport":"https:\/\/jelproducts.nl\/nl\/disclaimer\/","address":{"@type":"PostalAddress","streetAddress":"Amp\u00e8restraat 19E","postalCode":"3861 NC","addressLocality":"Nijkerk","addressRegion":"Gelderland","addressCountry":"NL"},"contactPoint":[{"@type":"ContactPoint","contactType":"sales","telephone":"+31337859809","email":"info@jelproducts.nl","availableLanguage":["nl","en","de","fr","es"],"areaServed":"Worldwide"}],"founder":[{"@id":"https:\/\/jelproducts.nl\/#\/schema\/persoon\/jaap-de-graaf"},{"@id":"https:\/\/jelproducts.nl\/#\/schema\/persoon\/lucas-de-graaf"}],"memberOf":[{"@type":"Organization","name":"NSVV, Nederlandse Stichting Voor Verlichtingskunde","url":"https:\/\/nsvv.nl\/"},{"@type":"Organization","name":"OVLNL","url":"https:\/\/www.ovlnl.nl\/"},{"@type":"Organization","name":"Netherlands Maritime Technology","url":"https:\/\/www.maritimetechnology.nl\/"}]},{"@type":"Person","@id":"https:\/\/jelproducts.nl\/en\/#\/schema\/person\/2c07b1a0a513f8b8a5dc9e1540754f39","name":"Lucas de Graaf, BSc","pronouns":"hij\/hem","description":"Lucas de Graaf ist Gr\u00fcnder und technischer Leiter von JEL Products, einem niederl\u00e4ndischen Unternehmen, das nachhaltige und durchdachte Beleuchtungsl\u00f6sungen f\u00fcr die anspruchsvollsten industriellen Umgebungen liefert, darunter Bergbau, vertikaler Transport, Offshore, H\u00e4fen, Infrastruktur und Bauwesen. Seit der Gr\u00fcndung im Jahr 2019 konzentriert er sich darauf, hochwertige Produkte (die Marken DCBright und DarkLicht) mit fundierter technischer Beratung zu kombinieren, um L\u00f6sungen zu entwickeln, die die Erwartungen der Kunden \u00fcbertreffen. Neben seiner T\u00e4tigkeit bei JEL Products ist Lucas stellvertretender Vorsitzender des Kernteams Outdoor der NSVV, der Niederl\u00e4ndischen Stiftung f\u00fcr Lichttechnik. In dieser Funktion setzt er praktische Erfahrungen in technisch fundierte und gesellschaftlich relevante Richtlinien um, wobei der Schwerpunkt auf der Reduzierung von Lichtimmissionen, der Verbesserung der Sicherheit und der Entwicklung zukunftssicherer Beleuchtung liegt. Er studierte Entrepreneurship &amp; Retail Management an der Hochschule Windesheim und erwarb einen Lean Six Sigma Green Belt.","sameAs":["https:\/\/www.jelproducts.nl","https:\/\/www.linkedin.com\/in\/lucas-de-graaf\/","https:\/\/www.youtube.com\/@jelproducts"],"honorificSuffix":"BSc","gender":"Male","knowsAbout":["Industri\u00eble buitenverlichting","Terminal- en havenverlichting","Kraanverlichting en verticaal transport","Verlichting bij hoge temperaturen","Lichthinder en duisternis","Lichtberekeningen en DIALux","NEN-EN 12464-2","EN 13201-2","Offshore- en maritieme verlichting","Lichtmasten en terreinverlichting","LED-armaturen en driverlevensduur"],"knowsLanguage":["Nederlands","Engels","Duits"],"jobTitle":"Technisch Directeur","worksFor":"JEL Products B.V.","url":"https:\/\/jelproducts.nl\/de\/overons\/lucas-de-graaf\/","image":{"@type":"ImageObject","@id":"https:\/\/jelproducts.nl\/en\/#\/schema\/person\/2c07b1a0a513f8b8a5dc9e1540754f39\/foto","url":"https:\/\/jelproducts.nl\/wp-content\/uploads\/2026\/03\/Lucas-de-Graaf-nieuw_v1-jpg.webp","contentUrl":"https:\/\/jelproducts.nl\/wp-content\/uploads\/2026\/03\/Lucas-de-Graaf-nieuw_v1-jpg.webp","width":666,"height":667,"caption":"Lucas de Graaf, BSc"}}]}},"_links":{"self":[{"href":"https:\/\/jelproducts.nl\/de\/wp-json\/wp\/v2\/blog\/34517","targetHints":{"allow":["GET"]}}],"collection":[{"href":"https:\/\/jelproducts.nl\/de\/wp-json\/wp\/v2\/blog"}],"about":[{"href":"https:\/\/jelproducts.nl\/de\/wp-json\/wp\/v2\/types\/blog"}],"author":[{"embeddable":true,"href":"https:\/\/jelproducts.nl\/de\/wp-json\/wp\/v2\/users\/1"}],"version-history":[{"count":2,"href":"https:\/\/jelproducts.nl\/de\/wp-json\/wp\/v2\/blog\/34517\/revisions"}],"predecessor-version":[{"id":35513,"href":"https:\/\/jelproducts.nl\/de\/wp-json\/wp\/v2\/blog\/34517\/revisions\/35513"}],"wp:featuredmedia":[{"embeddable":true,"href":"https:\/\/jelproducts.nl\/de\/wp-json\/wp\/v2\/media\/36550"}],"wp:attachment":[{"href":"https:\/\/jelproducts.nl\/de\/wp-json\/wp\/v2\/media?parent=34517"}],"wp:term":[{"taxonomy":"category","embeddable":true,"href":"https:\/\/jelproducts.nl\/de\/wp-json\/wp\/v2\/categories?post=34517"},{"taxonomy":"post_tag","embeddable":true,"href":"https:\/\/jelproducts.nl\/de\/wp-json\/wp\/v2\/tags?post=34517"}],"curies":[{"name":"wp","href":"https:\/\/api.w.org\/{rel}","templated":true}]}}